{"id":20081,"date":"2026-04-24T15:00:38","date_gmt":"2026-04-24T11:00:38","guid":{"rendered":"https:\/\/shahidov.com\/tr\/?p=20081"},"modified":"2026-04-24T15:00:38","modified_gmt":"2026-04-24T11:00:38","slug":"avrupa-siyasi-alaninda-orta-dogu-ve-iran-konusunda-ortak-bir-tutum-yok-ahmet-sairoglu-strasbourgdan-arb24-televizyonuna-konustu","status":"publish","type":"post","link":"https:\/\/shahidov.com\/tr\/?p=20081","title":{"rendered":"Avrupa siyasi alan\u0131nda Orta Do\u011fu ve \u0130ran konusunda ortak bir tutum yok \u2013 Ahmet \u015eairo\u011flu Strasbourg\u2019dan ARB24 Televizyonu\u2019na konu\u015ftu"},"content":{"rendered":"<p><iframe loading=\"lazy\" title=\"YouTube video player\" src=\"https:\/\/www.youtube.com\/embed\/W8VfoRqPBIQ?si=vChUtt-V6CLe1UJK\" width=\"560\" height=\"315\" frameborder=\"0\" allowfullscreen=\"allowfullscreen\"><\/iframe><br \/>\nFransa\u2019n\u0131n Strasbourg kentinde d\u00fczenlenen Avrupa Konseyi Parlamenter Meclisi Yaz Oturumu sona erdi. Ge\u00e7ti\u011fimiz hafta yap\u0131lan toplant\u0131larda Avrupa\u2019n\u0131n g\u00fcvenlik g\u00fcndeminde \u00f6nemli yer tutan konular, \u00f6zellikle Orta Do\u011fu\u2019daki durum ve \u0130ran meselesi dikkat merkezinde oldu. Oturum kapsam\u0131nda ger\u00e7ekle\u015ftirilen tart\u0131\u015fmalar, b\u00f6lgede artan gerilim \u00e7er\u00e7evesinde Avrupa\u2019n\u0131n yakla\u015f\u0131m\u0131n\u0131 yeniden g\u00fcndeme ta\u015f\u0131d\u0131.<\/p>\n<p>Siyasi yorumcu Ahmet \u015eairo\u011flu ARB24 Televizyonu\u2019na yapt\u0131\u011f\u0131 a\u00e7\u0131klamada, AKPM\u2019de yap\u0131lan tart\u0131\u015fmalarda \u0130ran meselesi etraf\u0131nda farkl\u0131 ve \u00e7eli\u015fkili g\u00f6r\u00fc\u015flerin dile getirildi\u011fini belirtti: \u201cBir grup parlamenter \u0130ran\u2019\u0131 Orta Do\u011fu\u2019daki gerilimin ana nedenlerinden biri olarak g\u00f6r\u00fcyor ve Tahran\u2019a kar\u015f\u0131 daha sert bir yakla\u015f\u0131m\u0131 savunuyor. Di\u011fer taraf ise \u0130ran ile diyalo\u011fun s\u00fcrd\u00fcr\u00fclmesi ve \u00f6zellikle g\u00fcvenlik konular\u0131nda i\u015f birli\u011fi imkanlar\u0131n\u0131n korunmas\u0131 gerekti\u011fini d\u00fc\u015f\u00fcn\u00fcyor.\u201d<\/p>\n<p>Ahmet \u015eairo\u011flu\u2019na g\u00f6re bu tart\u0131\u015fmalar yaln\u0131zca AKPM i\u00e7inde de\u011fil, genel olarak Avrupa siyasi alan\u0131nda da ortak bir tutumun olu\u015fmad\u0131\u011f\u0131n\u0131 g\u00f6steriyor: \u201cBug\u00fcn Avrupa\u2019da Orta Do\u011fu ve \u0130ran politikas\u0131 konusunda ortak bir strateji yok. Bu durum hem al\u0131nan kararlar\u0131n etkinli\u011fini azalt\u0131yor hem de b\u00f6lgedeki s\u00fcre\u00e7lere etki imkanlar\u0131n\u0131 s\u0131n\u0131rl\u0131yor.\u201d<\/p>\n<p><a href=\"https:\/\/shahidov.com\/tr\/wp-content\/uploads\/2026\/04\/arb24_24.04.2026.jpg\"><img loading=\"lazy\" decoding=\"async\" class=\"aligncenter size-large wp-image-20082\" src=\"https:\/\/shahidov.com\/tr\/wp-content\/uploads\/2026\/04\/arb24_24.04.2026-700x394.jpg\" alt=\"\" width=\"700\" height=\"394\" srcset=\"https:\/\/shahidov.com\/tr\/wp-content\/uploads\/2026\/04\/arb24_24.04.2026-700x394.jpg 700w, https:\/\/shahidov.com\/tr\/wp-content\/uploads\/2026\/04\/arb24_24.04.2026-475x267.jpg 475w, https:\/\/shahidov.com\/tr\/wp-content\/uploads\/2026\/04\/arb24_24.04.2026-768x432.jpg 768w, https:\/\/shahidov.com\/tr\/wp-content\/uploads\/2026\/04\/arb24_24.04.2026-1536x864.jpg 1536w, https:\/\/shahidov.com\/tr\/wp-content\/uploads\/2026\/04\/arb24_24.04.2026.jpg 2000w\" sizes=\"auto, (max-width: 700px) 100vw, 700px\" \/><\/a> <a href=\"https:\/\/shahidov.com\/tr\/wp-content\/uploads\/2026\/04\/arb24_24.04.2026a.jpg\"><img loading=\"lazy\" decoding=\"async\" class=\"aligncenter size-large wp-image-20083\" src=\"https:\/\/shahidov.com\/tr\/wp-content\/uploads\/2026\/04\/arb24_24.04.2026a-700x394.jpg\" alt=\"\" width=\"700\" height=\"394\" srcset=\"https:\/\/shahidov.com\/tr\/wp-content\/uploads\/2026\/04\/arb24_24.04.2026a-700x394.jpg 700w, https:\/\/shahidov.com\/tr\/wp-content\/uploads\/2026\/04\/arb24_24.04.2026a-475x267.jpg 475w, https:\/\/shahidov.com\/tr\/wp-content\/uploads\/2026\/04\/arb24_24.04.2026a-768x432.jpg 768w, https:\/\/shahidov.com\/tr\/wp-content\/uploads\/2026\/04\/arb24_24.04.2026a-1536x864.jpg 1536w, https:\/\/shahidov.com\/tr\/wp-content\/uploads\/2026\/04\/arb24_24.04.2026a.jpg 2000w\" sizes=\"auto, (max-width: 700px) 100vw, 700px\" \/><\/a> <a href=\"https:\/\/shahidov.com\/tr\/wp-content\/uploads\/2026\/04\/arb24_24.04.2026b.jpg\"><img loading=\"lazy\" decoding=\"async\" class=\"aligncenter size-large wp-image-20084\" src=\"https:\/\/shahidov.com\/tr\/wp-content\/uploads\/2026\/04\/arb24_24.04.2026b-700x394.jpg\" alt=\"\" width=\"700\" height=\"394\" srcset=\"https:\/\/shahidov.com\/tr\/wp-content\/uploads\/2026\/04\/arb24_24.04.2026b-700x394.jpg 700w, https:\/\/shahidov.com\/tr\/wp-content\/uploads\/2026\/04\/arb24_24.04.2026b-475x267.jpg 475w, https:\/\/shahidov.com\/tr\/wp-content\/uploads\/2026\/04\/arb24_24.04.2026b-768x432.jpg 768w, https:\/\/shahidov.com\/tr\/wp-content\/uploads\/2026\/04\/arb24_24.04.2026b-1536x864.jpg 1536w, https:\/\/shahidov.com\/tr\/wp-content\/uploads\/2026\/04\/arb24_24.04.2026b.jpg 2000w\" sizes=\"auto, (max-width: 700px) 100vw, 700px\" \/><\/a> <a href=\"https:\/\/shahidov.com\/tr\/wp-content\/uploads\/2026\/04\/arb24_24.04.2026c.jpg\"><img loading=\"lazy\" decoding=\"async\" class=\"aligncenter size-large wp-image-20085\" src=\"https:\/\/shahidov.com\/tr\/wp-content\/uploads\/2026\/04\/arb24_24.04.2026c-700x394.jpg\" alt=\"\" width=\"700\" height=\"394\" srcset=\"https:\/\/shahidov.com\/tr\/wp-content\/uploads\/2026\/04\/arb24_24.04.2026c-700x394.jpg 700w, https:\/\/shahidov.com\/tr\/wp-content\/uploads\/2026\/04\/arb24_24.04.2026c-475x267.jpg 475w, https:\/\/shahidov.com\/tr\/wp-content\/uploads\/2026\/04\/arb24_24.04.2026c-768x432.jpg 768w, https:\/\/shahidov.com\/tr\/wp-content\/uploads\/2026\/04\/arb24_24.04.2026c-1536x864.jpg 1536w, https:\/\/shahidov.com\/tr\/wp-content\/uploads\/2026\/04\/arb24_24.04.2026c.jpg 2000w\" sizes=\"auto, (max-width: 700px) 100vw, 700px\" \/><\/a><\/p>\n","protected":false},"excerpt":{"rendered":"<p>Fransa\u2019n\u0131n Strasbourg kentinde d\u00fczenlenen Avrupa Konseyi Parlamenter Meclisi Yaz Oturumu sona erdi. Ge\u00e7ti\u011fimiz hafta yap\u0131lan toplant\u0131larda Avrupa\u2019n\u0131n g\u00fcvenlik g\u00fcndeminde \u00f6nemli yer tutan konular, \u00f6zellikle Orta Do\u011fu\u2019daki durum ve \u0130ran meselesi&hellip; <\/p>\n","protected":false},"author":2,"featured_media":20082,"comment_status":"open","ping_status":"open","sticky":false,"template":"","format":"standard","meta":{"_jetpack_memberships_contains_paid_content":false,"footnotes":""},"categories":[98,89,72,14],"tags":[],"class_list":["post-20081","post","type-post","status-publish","format-standard","has-post-thumbnail","hentry","category-avrupa-konseyi-parlamenterler-meclisinde-faaliyet","category-musahib","category-slider","category-xarici-sfrlr"],"jetpack_featured_media_url":"https:\/\/shahidov.com\/tr\/wp-content\/uploads\/2026\/04\/arb24_24.04.2026.jpg","jetpack_sharing_enabled":true,"_links":{"self":[{"href":"https:\/\/shahidov.com\/tr\/index.php?rest_route=\/wp\/v2\/posts\/20081","targetHints":{"allow":["GET"]}}],"collection":[{"href":"https:\/\/shahidov.com\/tr\/index.php?rest_route=\/wp\/v2\/posts"}],"about":[{"href":"https:\/\/shahidov.com\/tr\/index.php?rest_route=\/wp\/v2\/types\/post"}],"author":[{"embeddable":true,"href":"https:\/\/shahidov.com\/tr\/index.php?rest_route=\/wp\/v2\/users\/2"}],"replies":[{"embeddable":true,"href":"https:\/\/shahidov.com\/tr\/index.php?rest_route=%2Fwp%2Fv2%2Fcomments&post=20081"}],"version-history":[{"count":1,"href":"https:\/\/shahidov.com\/tr\/index.php?rest_route=\/wp\/v2\/posts\/20081\/revisions"}],"predecessor-version":[{"id":20086,"href":"https:\/\/shahidov.com\/tr\/index.php?rest_route=\/wp\/v2\/posts\/20081\/revisions\/20086"}],"wp:featuredmedia":[{"embeddable":true,"href":"https:\/\/shahidov.com\/tr\/index.php?rest_route=\/wp\/v2\/media\/20082"}],"wp:attachment":[{"href":"https:\/\/shahidov.com\/tr\/index.php?rest_route=%2Fwp%2Fv2%2Fmedia&parent=20081"}],"wp:term":[{"taxonomy":"category","embeddable":true,"href":"https:\/\/shahidov.com\/tr\/index.php?rest_route=%2Fwp%2Fv2%2Fcategories&post=20081"},{"taxonomy":"post_tag","embeddable":true,"href":"https:\/\/shahidov.com\/tr\/index.php?rest_route=%2Fwp%2Fv2%2Ftags&post=20081"}],"curies":[{"name":"wp","href":"https:\/\/api.w.org\/{rel}","templated":true}]}}