{"id":20087,"date":"2026-04-25T20:12:44","date_gmt":"2026-04-25T16:12:44","guid":{"rendered":"https:\/\/shahidov.com\/tr\/?p=20087"},"modified":"2026-04-25T20:12:44","modified_gmt":"2026-04-25T16:12:44","slug":"akpm-bahar-oturumu-kuresel-krizlerin-golgesinde-sona-erdi-insan-haklari-savunucusu-ahmet-sairoglu-degerlendirdi","status":"publish","type":"post","link":"https:\/\/shahidov.com\/tr\/?p=20087","title":{"rendered":"AKPM Bahar Oturumu k\u00fcresel krizlerin g\u00f6lgesinde sona erdi \u2013 insan haklar\u0131 savunucusu Ahmet \u015eairo\u011flu de\u011ferlendirdi"},"content":{"rendered":"<p><iframe loading=\"lazy\" title=\"YouTube video player\" src=\"https:\/\/www.youtube.com\/embed\/wkZtFn4gPQI?si=hbCc3XqEfcDNvT59\" width=\"560\" height=\"315\" frameborder=\"0\" allowfullscreen=\"allowfullscreen\"><\/iframe><\/p>\n<p>Fransa\u2019n\u0131n Strasbourg kentinde d\u00fczenlenen Avrupa Konseyi Parlamenter Meclisi Bahar Oturumu 24 Nisan\u2019da sona erdi. Oturum boyunca Avrupal\u0131 parlamenterler bir\u00e7ok \u00f6nemli uluslararas\u0131 meseleyi ele ald\u0131. Hafta boyunca Orta Do\u011fu\u2019daki durum, \u0130ran \u00e7evresinde artan gerilim, \u0130srail\u2019in Gazze \u015eeridi\u2019nde ger\u00e7ekle\u015ftirdi\u011fi eylemler ve devam eden Rusya\u2013Ukrayna sava\u015f\u0131 ana g\u00fcndem maddeleri oldu. Ayr\u0131ca uluslararas\u0131 ter\u00f6rizm, insan haklar\u0131, demokratik s\u00fcre\u00e7ler ve k\u00fcresel g\u00fcvenlik konular\u0131 da geni\u015f \u015fekilde tart\u0131\u015f\u0131ld\u0131.<\/p>\n<p>Oturumun sonu\u00e7lar\u0131n\u0131 de\u011ferlendiren Ahmet \u015eairo\u011flu, Strasbourg\u2019daki tart\u0131\u015fmalar\u0131n uluslararas\u0131 hukukun zay\u0131flamas\u0131 ve g\u00fc\u00e7 politikas\u0131n\u0131n \u00f6n plana \u00e7\u0131kmas\u0131 y\u00f6n\u00fcndeki endi\u015feleri bir kez daha ortaya koydu\u011funu belirtti. Avrupa milletvekillerinin bu e\u011filimi a\u00e7\u0131k\u00e7a dile getirdi\u011fini vurgulayan \u015eairo\u011flu, bunun sadece Avrupa i\u00e7in de\u011fil, t\u00fcm d\u00fcnya d\u00fczeni i\u00e7in ciddi bir tehdit olu\u015fturdu\u011funu ifade etti. Ona g\u00f6re bu t\u00fcr platformlarda yap\u0131lan a\u00e7\u0131klamalar s\u00f6zde kalmamal\u0131, somut siyasi ad\u0131mlarla desteklenmelidir.<\/p>\n<p>Ahmet \u015eairo\u011flu ayr\u0131ca Azerbaycan\u2019\u0131n son y\u0131llarda AKPM oturumlar\u0131na kat\u0131lmamas\u0131 konusuna da de\u011finerek mevcut durumdan duydu\u011fu \u00fcz\u00fcnt\u00fcy\u00fc dile getirdi. Baz\u0131 taleplerin haks\u0131z ve uluslararas\u0131 hukuka ayk\u0131r\u0131 oldu\u011funu belirten \u015eairo\u011flu, buna ra\u011fmen insan haklar\u0131 ve demokrasi alan\u0131nda ilerleme sa\u011flanmas\u0131n\u0131n \u00f6nemli oldu\u011funu s\u00f6yledi. \u015eairo\u011flu, yap\u0131c\u0131 diyalog ve kar\u015f\u0131l\u0131kl\u0131 anlay\u0131\u015f\u0131n Azerbaycan\u2019\u0131n AKPM\u2019deki kat\u0131l\u0131m\u0131n\u0131n yeniden sa\u011flanmas\u0131na katk\u0131 sunabilece\u011fini ifade etti.<\/p>\n<p><a href=\"https:\/\/shahidov.com\/tr\/wp-content\/uploads\/2026\/04\/aspa_24.04.2026.jpg\"><img loading=\"lazy\" decoding=\"async\" class=\"aligncenter size-large wp-image-20088\" src=\"https:\/\/shahidov.com\/tr\/wp-content\/uploads\/2026\/04\/aspa_24.04.2026-700x394.jpg\" alt=\"\" width=\"700\" height=\"394\" srcset=\"https:\/\/shahidov.com\/tr\/wp-content\/uploads\/2026\/04\/aspa_24.04.2026-700x394.jpg 700w, https:\/\/shahidov.com\/tr\/wp-content\/uploads\/2026\/04\/aspa_24.04.2026-475x267.jpg 475w, https:\/\/shahidov.com\/tr\/wp-content\/uploads\/2026\/04\/aspa_24.04.2026-768x432.jpg 768w, https:\/\/shahidov.com\/tr\/wp-content\/uploads\/2026\/04\/aspa_24.04.2026-1536x864.jpg 1536w, https:\/\/shahidov.com\/tr\/wp-content\/uploads\/2026\/04\/aspa_24.04.2026.jpg 2000w\" sizes=\"auto, (max-width: 700px) 100vw, 700px\" \/><\/a><\/p>\n","protected":false},"excerpt":{"rendered":"<p>Fransa\u2019n\u0131n Strasbourg kentinde d\u00fczenlenen Avrupa Konseyi Parlamenter Meclisi Bahar Oturumu 24 Nisan\u2019da sona erdi. Oturum boyunca Avrupal\u0131 parlamenterler bir\u00e7ok \u00f6nemli uluslararas\u0131 meseleyi ele ald\u0131. Hafta boyunca Orta Do\u011fu\u2019daki durum, \u0130ran&hellip; <\/p>\n","protected":false},"author":2,"featured_media":20088,"comment_status":"open","ping_status":"open","sticky":false,"template":"","format":"standard","meta":{"_jetpack_memberships_contains_paid_content":false,"footnotes":""},"categories":[98,72,14],"tags":[],"class_list":["post-20087","post","type-post","status-publish","format-standard","has-post-thumbnail","hentry","category-avrupa-konseyi-parlamenterler-meclisinde-faaliyet","category-slider","category-xarici-sfrlr"],"jetpack_featured_media_url":"https:\/\/shahidov.com\/tr\/wp-content\/uploads\/2026\/04\/aspa_24.04.2026.jpg","jetpack_sharing_enabled":true,"_links":{"self":[{"href":"https:\/\/shahidov.com\/tr\/index.php?rest_route=\/wp\/v2\/posts\/20087","targetHints":{"allow":["GET"]}}],"collection":[{"href":"https:\/\/shahidov.com\/tr\/index.php?rest_route=\/wp\/v2\/posts"}],"about":[{"href":"https:\/\/shahidov.com\/tr\/index.php?rest_route=\/wp\/v2\/types\/post"}],"author":[{"embeddable":true,"href":"https:\/\/shahidov.com\/tr\/index.php?rest_route=\/wp\/v2\/users\/2"}],"replies":[{"embeddable":true,"href":"https:\/\/shahidov.com\/tr\/index.php?rest_route=%2Fwp%2Fv2%2Fcomments&post=20087"}],"version-history":[{"count":1,"href":"https:\/\/shahidov.com\/tr\/index.php?rest_route=\/wp\/v2\/posts\/20087\/revisions"}],"predecessor-version":[{"id":20089,"href":"https:\/\/shahidov.com\/tr\/index.php?rest_route=\/wp\/v2\/posts\/20087\/revisions\/20089"}],"wp:featuredmedia":[{"embeddable":true,"href":"https:\/\/shahidov.com\/tr\/index.php?rest_route=\/wp\/v2\/media\/20088"}],"wp:attachment":[{"href":"https:\/\/shahidov.com\/tr\/index.php?rest_route=%2Fwp%2Fv2%2Fmedia&parent=20087"}],"wp:term":[{"taxonomy":"category","embeddable":true,"href":"https:\/\/shahidov.com\/tr\/index.php?rest_route=%2Fwp%2Fv2%2Fcategories&post=20087"},{"taxonomy":"post_tag","embeddable":true,"href":"https:\/\/shahidov.com\/tr\/index.php?rest_route=%2Fwp%2Fv2%2Ftags&post=20087"}],"curies":[{"name":"wp","href":"https:\/\/api.w.org\/{rel}","templated":true}]}}